{"id":1870,"date":"2020-12-10T12:00:37","date_gmt":"2020-12-10T10:00:37","guid":{"rendered":"http:\/\/kalasatamanimu.fi\/?p=1870"},"modified":"2020-12-04T14:23:33","modified_gmt":"2020-12-04T12:23:33","slug":"bortslangda-julgranarna-samlas-upp-i-fiskhamnen-veckorna-1-4","status":"publish","type":"post","link":"https:\/\/kalasatamanimu.fi\/sv\/2020\/12\/10\/bortslangda-julgranarna-samlas-upp-i-fiskhamnen-veckorna-1-4\/","title":{"rendered":"Bortsl\u00e4ngda julgranarna samlas upp i Fiskhamnen veckorna 1-4"},"content":{"rendered":"<p>Bortsl\u00e4ngda julgranarna samlas upp i Fiskhamnen<strong> veckorna 1-4\u00a0(4.1. \u2013 29.1.2021).<\/strong><\/p>\n<p>Julgrannorna samlas upp p\u00e5 f\u00f6ljande address:<\/p>\n<ul>\n<li>Cappellastranden, s\u00f6dra torg<\/li>\n<li>Sandf\u00e4lt framf\u00f6r Leogatan och REDI k\u00f6pcentret<\/li>\n<li>Korsning mellan Briggen Johannas gr\u00e4nd och V\u00e5gbrytaren, tom tomt<\/li>\n<\/ul>\n<p><a href=\"https:\/\/kalasatamanimu.fi\/wp-content\/uploads\/2020\/12\/joulukuuset_imu_2021.png\"><img loading=\"lazy\" decoding=\"async\" class=\"alignnone size-full wp-image-1862\" src=\"https:\/\/kalasatamanimu.fi\/wp-content\/uploads\/2020\/12\/joulukuuset_imu_2021.png\" alt=\"\" width=\"338\" height=\"425\" srcset=\"https:\/\/kalasatamanimu.fi\/wp-content\/uploads\/2020\/12\/joulukuuset_imu_2021.png 338w, https:\/\/kalasatamanimu.fi\/wp-content\/uploads\/2020\/12\/joulukuuset_imu_2021-239x300.png 239w, https:\/\/kalasatamanimu.fi\/wp-content\/uploads\/2020\/12\/joulukuuset_imu_2021-243x305.png 243w, https:\/\/kalasatamanimu.fi\/wp-content\/uploads\/2020\/12\/joulukuuset_imu_2021-286x360.png 286w\" sizes=\"auto, (max-width: 338px) 100vw, 338px\" \/><\/a><\/p>\n<p><span style=\"color: #ff0000;\"><strong>Sl\u00e4ng inte era julgranar i sorteringsrummen eller framf\u00f6r inletspunkterna.<\/strong><\/span><\/p>\n<h5><strong>\u00a0<\/strong><\/h5>\n","protected":false},"excerpt":{"rendered":"<p>Bortsl\u00e4ngda julgranarna samlas upp i Fiskhamnen veckorna 1-4\u00a0(4.1. \u2013 29.1.2021). Julgrannorna samlas upp p\u00e5 f\u00f6ljande address: Cappellastranden, s\u00f6dra torg Sandf\u00e4lt framf\u00f6r Leogatan och REDI k\u00f6pcentret\u2026<\/p>\n","protected":false},"author":11,"featured_media":0,"comment_status":"closed","ping_status":"open","sticky":false,"template":"","format":"standard","meta":{"_acf_changed":false,"footnotes":""},"categories":[4],"tags":[],"class_list":["post-1870","post","type-post","status-publish","format-standard","hentry","category-yleinen-sv"],"acf":[],"_links":{"self":[{"href":"https:\/\/kalasatamanimu.fi\/sv\/wp-json\/wp\/v2\/posts\/1870","targetHints":{"allow":["GET"]}}],"collection":[{"href":"https:\/\/kalasatamanimu.fi\/sv\/wp-json\/wp\/v2\/posts"}],"about":[{"href":"https:\/\/kalasatamanimu.fi\/sv\/wp-json\/wp\/v2\/types\/post"}],"author":[{"embeddable":true,"href":"https:\/\/kalasatamanimu.fi\/sv\/wp-json\/wp\/v2\/users\/11"}],"replies":[{"embeddable":true,"href":"https:\/\/kalasatamanimu.fi\/sv\/wp-json\/wp\/v2\/comments?post=1870"}],"version-history":[{"count":1,"href":"https:\/\/kalasatamanimu.fi\/sv\/wp-json\/wp\/v2\/posts\/1870\/revisions"}],"predecessor-version":[{"id":1871,"href":"https:\/\/kalasatamanimu.fi\/sv\/wp-json\/wp\/v2\/posts\/1870\/revisions\/1871"}],"wp:attachment":[{"href":"https:\/\/kalasatamanimu.fi\/sv\/wp-json\/wp\/v2\/media?parent=1870"}],"wp:term":[{"taxonomy":"category","embeddable":true,"href":"https:\/\/kalasatamanimu.fi\/sv\/wp-json\/wp\/v2\/categories?post=1870"},{"taxonomy":"post_tag","embeddable":true,"href":"https:\/\/kalasatamanimu.fi\/sv\/wp-json\/wp\/v2\/tags?post=1870"}],"curies":[{"name":"wp","href":"https:\/\/api.w.org\/{rel}","templated":true}]}}