{"id":2472,"date":"2021-12-16T13:11:30","date_gmt":"2021-12-16T11:11:30","guid":{"rendered":"https:\/\/kalasatamanimu.fi\/?p=2472"},"modified":"2022-01-05T11:50:46","modified_gmt":"2022-01-05T09:50:46","slug":"bortslangda-julgranarna-samlas-upp-i-januari","status":"publish","type":"post","link":"https:\/\/kalasatamanimu.fi\/sv\/2021\/12\/16\/bortslangda-julgranarna-samlas-upp-i-januari\/","title":{"rendered":"Bortsl\u00e4ngda julgranarna samlas upp i januari"},"content":{"rendered":"<h4>Julen kommer! P\u00e5 f\u00f6rhand kan vi informera att bortsl\u00e4ngda julgranarna samlas upp i Fiskehamnen <strong>tv\u00e5 ganger i veckan <\/strong><strong>under veckorna 1-4 (3.1. \u2013 31.1.2022).<\/strong><\/h4>\n<p>Julgranarna ska samlas upp p\u00e5 f\u00f6ljande platser:<\/p>\n<p><a href=\"https:\/\/kalasatamanimu.fi\/wp-content\/uploads\/2021\/12\/joulukuusien-kerayspaikat-kalasatamassa_2021-2.png\"><img loading=\"lazy\" decoding=\"async\" class=\"alignnone  wp-image-2508\" src=\"https:\/\/kalasatamanimu.fi\/wp-content\/uploads\/2021\/12\/joulukuusien-kerayspaikat-kalasatamassa_2021-2.png\" alt=\"\" width=\"281\" height=\"526\" srcset=\"https:\/\/kalasatamanimu.fi\/wp-content\/uploads\/2021\/12\/joulukuusien-kerayspaikat-kalasatamassa_2021-2.png 376w, https:\/\/kalasatamanimu.fi\/wp-content\/uploads\/2021\/12\/joulukuusien-kerayspaikat-kalasatamassa_2021-2-160x300.png 160w, https:\/\/kalasatamanimu.fi\/wp-content\/uploads\/2021\/12\/joulukuusien-kerayspaikat-kalasatamassa_2021-2-163x305.png 163w, https:\/\/kalasatamanimu.fi\/wp-content\/uploads\/2021\/12\/joulukuusien-kerayspaikat-kalasatamassa_2021-2-192x360.png 192w\" sizes=\"auto, (max-width: 281px) 100vw, 281px\" \/><\/a><\/p>\n<p>* Capellaskv\u00e4ren, s\u00f6dra \u00e4nden av Capellastranden<\/p>\n<p>* Sandf\u00e4lt framf\u00f6r Leogatan och REDI k\u00f6pcentret<\/p>\n<p>* Norra \u00e4nden av Loviseholmsparken, vid \u00e4nde av Briggen Venus gr\u00e4nd<\/p>\n<p>&nbsp;<\/p>\n<p><span style=\"color: #ff0000;\">L\u00e4gg f\u00f6rsiktigt din gamla julgran i en stack utan att blockera passagen.<\/span><\/p>\n<p><span style=\"color: #ff0000;\"><strong>OBS! L\u00e4mna inte julgranen i sorteringsrum eller framf\u00f6r avfallsr\u00f6r!\u00a0<\/strong><\/span><\/p>\n<p>Tack s\u00e5 mycket.<\/p>\n","protected":false},"excerpt":{"rendered":"<p>Julen kommer! P\u00e5 f\u00f6rhand kan vi informera att bortsl\u00e4ngda julgranarna samlas upp i Fiskehamnen tv\u00e5 ganger i veckan under veckorna 1-4 (3.1. \u2013 31.1.2022). Julgranarna\u2026<\/p>\n","protected":false},"author":17,"featured_media":0,"comment_status":"closed","ping_status":"closed","sticky":false,"template":"","format":"standard","meta":{"_acf_changed":false,"footnotes":""},"categories":[4],"tags":[],"class_list":["post-2472","post","type-post","status-publish","format-standard","hentry","category-yleinen-sv"],"acf":[],"_links":{"self":[{"href":"https:\/\/kalasatamanimu.fi\/sv\/wp-json\/wp\/v2\/posts\/2472","targetHints":{"allow":["GET"]}}],"collection":[{"href":"https:\/\/kalasatamanimu.fi\/sv\/wp-json\/wp\/v2\/posts"}],"about":[{"href":"https:\/\/kalasatamanimu.fi\/sv\/wp-json\/wp\/v2\/types\/post"}],"author":[{"embeddable":true,"href":"https:\/\/kalasatamanimu.fi\/sv\/wp-json\/wp\/v2\/users\/17"}],"replies":[{"embeddable":true,"href":"https:\/\/kalasatamanimu.fi\/sv\/wp-json\/wp\/v2\/comments?post=2472"}],"version-history":[{"count":11,"href":"https:\/\/kalasatamanimu.fi\/sv\/wp-json\/wp\/v2\/posts\/2472\/revisions"}],"predecessor-version":[{"id":2510,"href":"https:\/\/kalasatamanimu.fi\/sv\/wp-json\/wp\/v2\/posts\/2472\/revisions\/2510"}],"wp:attachment":[{"href":"https:\/\/kalasatamanimu.fi\/sv\/wp-json\/wp\/v2\/media?parent=2472"}],"wp:term":[{"taxonomy":"category","embeddable":true,"href":"https:\/\/kalasatamanimu.fi\/sv\/wp-json\/wp\/v2\/categories?post=2472"},{"taxonomy":"post_tag","embeddable":true,"href":"https:\/\/kalasatamanimu.fi\/sv\/wp-json\/wp\/v2\/tags?post=2472"}],"curies":[{"name":"wp","href":"https:\/\/api.w.org\/{rel}","templated":true}]}}