{"id":2905,"date":"2022-12-14T10:06:50","date_gmt":"2022-12-14T08:06:50","guid":{"rendered":"https:\/\/kalasatamanimu.fi\/?p=2905"},"modified":"2022-12-14T16:24:07","modified_gmt":"2022-12-14T14:24:07","slug":"julgranar-ska-samlas-upp-under-januari","status":"publish","type":"post","link":"https:\/\/kalasatamanimu.fi\/sv\/2022\/12\/14\/julgranar-ska-samlas-upp-under-januari\/","title":{"rendered":"Julgranar ska samlas upp under Januari"},"content":{"rendered":"<p><strong>Julen kommer och&#8230; g\u00e5r! Bortsl\u00e4ngda julgaranar ska samlas upp <u>under veckorna 1-4<\/u> (3.1. \u2013 31.1.2023) fr\u00e5n tre olika samlingsplatser:<\/strong><\/p>\n<p><strong><a href=\"https:\/\/kalasatamanimu.fi\/wp-content\/uploads\/2021\/12\/joulukuusien-kerayspaikat-kalasatamassa_2021-1.png\"><img loading=\"lazy\" decoding=\"async\" class=\"wp-image-2505 alignright\" src=\"https:\/\/kalasatamanimu.fi\/wp-content\/uploads\/2021\/12\/joulukuusien-kerayspaikat-kalasatamassa_2021-1-160x300.png\" alt=\"\" width=\"176\" height=\"330\" srcset=\"https:\/\/kalasatamanimu.fi\/wp-content\/uploads\/2021\/12\/joulukuusien-kerayspaikat-kalasatamassa_2021-1-160x300.png 160w, https:\/\/kalasatamanimu.fi\/wp-content\/uploads\/2021\/12\/joulukuusien-kerayspaikat-kalasatamassa_2021-1-163x305.png 163w, https:\/\/kalasatamanimu.fi\/wp-content\/uploads\/2021\/12\/joulukuusien-kerayspaikat-kalasatamassa_2021-1-192x360.png 192w, https:\/\/kalasatamanimu.fi\/wp-content\/uploads\/2021\/12\/joulukuusien-kerayspaikat-kalasatamassa_2021-1.png 376w\" sizes=\"auto, (max-width: 176px) 100vw, 176px\" \/><\/a><\/strong><\/p>\n<p>&nbsp;<\/p>\n<ul>\n<li>Capellaskv\u00e4ren, s\u00f6dra \u00e4nden av Capellastranden<\/li>\n<\/ul>\n<p>&nbsp;<\/p>\n<ul>\n<li>Framf\u00f6r Redi k\u00f6pcentrum, p\u00e5 andra sidan av Leogatan<\/li>\n<\/ul>\n<p>&nbsp;<\/p>\n<ul>\n<li>P\u00e5 s\u00f6dra \u00e4nden av Loviseholmsgr\u00e4nden<\/li>\n<\/ul>\n<p>&nbsp;<\/p>\n<p>&nbsp;<\/p>\n<p><strong>L\u00e4gg f\u00f6rsiktigt de gamla julgranarna i en stack utan att blockera passagen.<\/strong><\/p>\n<p><strong>L\u00e4mna granar inte framf\u00f6r avfallsr\u00f6r.<\/strong><\/p>\n<h5><strong>Tack och God Jul!<\/strong><\/h5>\n","protected":false},"excerpt":{"rendered":"<p>Julen kommer och&#8230; g\u00e5r! Bortsl\u00e4ngda julgaranar ska samlas upp under veckorna 1-4 (3.1. \u2013 31.1.2023) fr\u00e5n tre olika samlingsplatser: &nbsp; Capellaskv\u00e4ren, s\u00f6dra \u00e4nden av Capellastranden\u2026<\/p>\n","protected":false},"author":17,"featured_media":0,"comment_status":"closed","ping_status":"closed","sticky":false,"template":"","format":"standard","meta":{"_acf_changed":false,"footnotes":""},"categories":[4],"tags":[],"class_list":["post-2905","post","type-post","status-publish","format-standard","hentry","category-yleinen-sv"],"acf":[],"_links":{"self":[{"href":"https:\/\/kalasatamanimu.fi\/sv\/wp-json\/wp\/v2\/posts\/2905","targetHints":{"allow":["GET"]}}],"collection":[{"href":"https:\/\/kalasatamanimu.fi\/sv\/wp-json\/wp\/v2\/posts"}],"about":[{"href":"https:\/\/kalasatamanimu.fi\/sv\/wp-json\/wp\/v2\/types\/post"}],"author":[{"embeddable":true,"href":"https:\/\/kalasatamanimu.fi\/sv\/wp-json\/wp\/v2\/users\/17"}],"replies":[{"embeddable":true,"href":"https:\/\/kalasatamanimu.fi\/sv\/wp-json\/wp\/v2\/comments?post=2905"}],"version-history":[{"count":10,"href":"https:\/\/kalasatamanimu.fi\/sv\/wp-json\/wp\/v2\/posts\/2905\/revisions"}],"predecessor-version":[{"id":2932,"href":"https:\/\/kalasatamanimu.fi\/sv\/wp-json\/wp\/v2\/posts\/2905\/revisions\/2932"}],"wp:attachment":[{"href":"https:\/\/kalasatamanimu.fi\/sv\/wp-json\/wp\/v2\/media?parent=2905"}],"wp:term":[{"taxonomy":"category","embeddable":true,"href":"https:\/\/kalasatamanimu.fi\/sv\/wp-json\/wp\/v2\/categories?post=2905"},{"taxonomy":"post_tag","embeddable":true,"href":"https:\/\/kalasatamanimu.fi\/sv\/wp-json\/wp\/v2\/tags?post=2905"}],"curies":[{"name":"wp","href":"https:\/\/api.w.org\/{rel}","templated":true}]}}