{"id":2966,"date":"2023-02-15T12:13:59","date_gmt":"2023-02-15T10:13:59","guid":{"rendered":"https:\/\/kalasatamanimu.fi\/?p=2966"},"modified":"2023-02-17T15:33:44","modified_gmt":"2023-02-17T13:33:44","slug":"strejken-inom-transportsektorn","status":"publish","type":"post","link":"https:\/\/kalasatamanimu.fi\/sv\/2023\/02\/15\/strejken-inom-transportsektorn\/","title":{"rendered":"Strejken inom transportsektorn"},"content":{"rendered":"<h4>Strejken inom transportsektorn som b\u00f6rjade den 15. februari f\u00f6rsenar avfallshantering i huvudstadsregionen.<\/h4>\n<header class=\"entry-header\">\n<h3 class=\"entry-title\"><span style=\"color: #ff0000;\">Vi ber, att inv\u00e5narna ska h\u00e5lla stort blandavfall och stor kartong\u00a0 hemma under strejken!<\/span><\/h3>\n<\/header>\n<div class=\"entry-content\">\n<div>\n<h4><span style=\"color: #ff0000;\"><strong>Avfallsr\u00f6ren funkar som vanligt och vi hoppas att ni anv\u00e4nder dem enligt instruktionerna!<\/strong><\/span><\/h4>\n<\/div>\n<p>Strejken v\u00e4ntas att p\u00e5g\u00e5 till tisdag den 21. februari kl 24.<\/p>\n<p>Vi kommer att informera via IMUs hemsida och Facebook om situationen \u00e4ndras.<\/p>\n<h4>Tack f\u00f6r samarbete!<\/h4>\n<\/div>\n","protected":false},"excerpt":{"rendered":"<p>Strejken inom transportsektorn som b\u00f6rjade den 15. februari f\u00f6rsenar avfallshantering i huvudstadsregionen. Vi ber, att inv\u00e5narna ska h\u00e5lla stort blandavfall och stor kartong\u00a0 hemma under\u2026<\/p>\n","protected":false},"author":17,"featured_media":0,"comment_status":"closed","ping_status":"closed","sticky":false,"template":"","format":"standard","meta":{"_acf_changed":false,"footnotes":""},"categories":[4],"tags":[],"class_list":["post-2966","post","type-post","status-publish","format-standard","hentry","category-yleinen-sv"],"acf":[],"_links":{"self":[{"href":"https:\/\/kalasatamanimu.fi\/sv\/wp-json\/wp\/v2\/posts\/2966","targetHints":{"allow":["GET"]}}],"collection":[{"href":"https:\/\/kalasatamanimu.fi\/sv\/wp-json\/wp\/v2\/posts"}],"about":[{"href":"https:\/\/kalasatamanimu.fi\/sv\/wp-json\/wp\/v2\/types\/post"}],"author":[{"embeddable":true,"href":"https:\/\/kalasatamanimu.fi\/sv\/wp-json\/wp\/v2\/users\/17"}],"replies":[{"embeddable":true,"href":"https:\/\/kalasatamanimu.fi\/sv\/wp-json\/wp\/v2\/comments?post=2966"}],"version-history":[{"count":6,"href":"https:\/\/kalasatamanimu.fi\/sv\/wp-json\/wp\/v2\/posts\/2966\/revisions"}],"predecessor-version":[{"id":2986,"href":"https:\/\/kalasatamanimu.fi\/sv\/wp-json\/wp\/v2\/posts\/2966\/revisions\/2986"}],"wp:attachment":[{"href":"https:\/\/kalasatamanimu.fi\/sv\/wp-json\/wp\/v2\/media?parent=2966"}],"wp:term":[{"taxonomy":"category","embeddable":true,"href":"https:\/\/kalasatamanimu.fi\/sv\/wp-json\/wp\/v2\/categories?post=2966"},{"taxonomy":"post_tag","embeddable":true,"href":"https:\/\/kalasatamanimu.fi\/sv\/wp-json\/wp\/v2\/tags?post=2966"}],"curies":[{"name":"wp","href":"https:\/\/api.w.org\/{rel}","templated":true}]}}